{"id":1348,"date":"2014-02-10T06:00:37","date_gmt":"2014-02-10T04:00:37","guid":{"rendered":"http:\/\/www.betel.ro\/?p=1348"},"modified":"2014-02-10T06:00:37","modified_gmt":"2014-02-10T04:00:37","slug":"importanta-chemarii-misiunea-mondiala-16-februarie-2014","status":"publish","type":"post","link":"https:\/\/www.betel.ro\/en\/studiu-biblic\/importanta-chemarii-misiunea-mondiala-16-februarie-2014\/","title":{"rendered":"Importan\u021ba chem\u0103rii \u00een misiunea mondial\u0103 (16 Februarie 2014)"},"content":{"rendered":"<h4>Tema general\u0103 a lunii Februarie:<br \/>\n<strong>Patru lec\u0163ii ale apostolilor Petru \u015fi Pavel despre via\u0163a de rug\u0103ciune \u015fi despre lucrul \u00een echip\u0103<\/strong><br \/>\n<\/h4>\n<p>Data: 16 februarie<br \/>\nTema: <strong>Importan\u021ba chem\u0103rii \u00een misiunea mondial\u0103<\/strong><br \/>\nText: Rom. 1:1-6, Fapte 22:21<br \/>\n<strong>Verset de aur<\/strong>: Fapte 22.21, 21. Atunci El mi-a zis: \u201eDu-te, c\u0103ci te voi trimite departe la Neamuri\u2026\u201d<\/p>\n<p><strong>Ideea central\u0103:<\/strong> Pavel, con\u015ftiin\u0163a chem\u0103rii, puterea contextualiz\u0103rii, importan\u0163a n\u0103dejdii evangheliei \u015fi preg\u0103tirea pentru transmiterea \u015ftafetei<\/p>\n<p><strong>Explica\u0163ii contextuale \u0219i exegetice:<\/strong><\/p>\n<p>\u00centreaga epistol\u0103 c\u0103tre Romani \u00ee\u015fi propune s\u0103 prezinte evanghelia, a\u015fa cum o predica Pavel. Animozitatea tradi\u0163ional\u0103 dintre evrei \u015fi p\u0103g\u00e2ni ajunsese s\u0103 \u00ee\u015fi fac\u0103 loc \u015fi \u00een Biseric\u0103 \u015fi luase forma, \u00een Roma, a unei confrunt\u0103ri \u00eentre neamurile (romani \u015fi greci) care se considerau alese \u00een locul evreilor ca popor al lui Dumnezeu \u015fi \u00eei acuzau pe ace\u015ftia c\u0103 s-au lep\u0103dat ca na\u0163iune de Mesia \u015fi iudeii care insistau c\u0103 ei \u00eenc\u0103 au primul loc \u00een planul lui Dumnezeu, deoarece Legea este revela\u0163ia dat\u0103 lor de Dumnezeu, iar Mesia la fel, este al lor (considerau c\u0103 Legea este superioar\u0103 legilor romane \u015fi este sursa \u00eenv\u0103\u0163\u0103turii despre m\u00e2ntuire).<\/p>\n<p>Ca pastor, Pavel dore\u015fte s\u0103 \u00eei ajute spiritual prin trei m\u0103suri distincte: Mai \u00eent\u00e2i, \u00ee\u015fi programeaz\u0103 o vizit\u0103 ca s\u0103 \u00eei \u00eenve\u0163e mai multe. Apoi, le prezint\u0103 evanghelia ca s\u0103 \u00een\u0163eleag\u0103 rolul \u015fi locul evreilor \u015fi al neamurilor \u00een planul de m\u00e2ntuire al lui Dumnezeu (\u015fi le arat\u0103 c\u0103 \u015fi unii \u015fi al\u0163ii, cu Legea de pe Sinai sau cu legea con\u015ftiin\u0163ei sunt vinova\u0163i \u015fi nu pot fi m\u00e2ntui\u0163i dec\u00e2t prin credin\u0163\u0103 \u00een Isus). Apoi, Pavel le prezint\u0103 viziunea sa misionar\u0103 cu scopul de a le propune o alternativ\u0103: \u00een loc s\u0103 se certe \u015fi s\u0103 se resping\u0103 reciproc, mai bine s\u0103 mul\u0163umeasc\u0103 Domnului pentru m\u00e2ntuire \u015fi darul credin\u0163ei, \u015fi s\u0103 \u00eel ajute la misiune, la vestirea evangheliei p\u00e2n\u0103 la marginea p\u0103m\u00e2ntului (astfel, \u00eei anun\u0163\u0103 despre planurile sale de a ajunge p\u00e2n\u0103 \u00een Spania, Romani 15).<\/p>\n<p>\u00cen introducerea epistolei Pavel le prezint\u0103 romanilor datele esen\u0163iale ale evangheliei \u015fi ale chem\u0103rii sale ca apostol. Astfel, el se consider\u0103 de la bun \u00eenceput \u015fi se prezint\u0103 ca \u201erob al lui Hristos\u201d, prin paralelism cu Robul Domnului, din Isaia, adic\u0103 le spune c\u0103 statutul s\u0103u este acela al unui slujitor, al unui profet ca \u00een Vechiul Testament, care a primit o slujire din partea lui Dumnezeu. Apoi, el subliniaz\u0103 c\u0103 a fost chemat s\u0103 fie apostol, \u015fi arat\u0103 prin aceasta c\u0103 slujba \u015fi pozi\u0163ia lui nu sunt prin proprie ini\u0163iativ\u0103, ci prin chemarea \u015fi trimiterea expres\u0103 a lui Dumnezeu (apostol \u00eenseamn\u0103 \u201etrimis\u201d). Scopul slujirii lui este s\u0103 vesteasc\u0103 evanghelia cea f\u0103g\u0103duit\u0103 \u00eenc\u0103 din Vechiul Testament. Evanghelia \u015fi misiunea continu\u0103 de fapt profe\u0163ia din vechime \u015fi istoria Bisericii continu\u0103 istoria lui Israel.<\/p>\n<p>Felul \u00een care Pavel prezint\u0103 evanghelia ne prezint\u0103 o frumoas\u0103 \u00een\u0163elegere a \u00eentrup\u0103rii Fiului divin \u015fi a misiunii interna\u0163ionale. De la bun \u00eenceput, Pavel arat\u0103 \u015fi particularitatea \u015fi generalitatea (divinitatea) caracteristicilor lui Hristos. El este Fiul lui Dumnezeu, n\u0103scut dup\u0103 trup ca evreu, \u00een Israel, din genealogia lui David (aceasta subliniaz\u0103 ce fel de Mesia este Isus, un Mesia davidic, \u015fi arat\u0103 c\u0103 \u00een el s-au \u00eemplinit profe\u0163iile despre Fiul lui David). Pu\u0163in mai dificil este versetul 4 pentru c\u0103 \u00een greac\u0103 sun\u0103 altfel dec\u00e2t \u00een traducerea Cornilescu: \u201ecel dovedit ca Fiu al lui Dumnezeu \u00een (sau: \u201ecu\u201d) putere potrivit Duhului sfin\u0163eniei, prin \u00eenvierea mor\u0163ilor\u201d. Cu alte cuvinte, \u00eenvierea lui Isus, f\u0103cut\u0103 prin Duhul Sf\u00e2nt care a ar\u0103tat c\u0103 Isus este pus deoparte, sfin\u0163it, L-a confirmat c\u0103 este Fiul lui Dumnezeu, cu putere. Despre acest Isus este evanghelia, El este subiectul evangheliei.<\/p>\n<p>De la teologia evangheliei, Pavel trece la teologia misiunii. Prin Isus Hristos, el a primit \u015fi harul \u015fi apostolia, \u015fi darul misiunii \u015fi autoritatea trimiterii, ca s\u0103 aduc\u0103 la auzirea (\u015fi ascultarea) credin\u0163ei pe toate neamurile. Aici este \u015fi adresa credincio\u015filor din Roma: \u00eentre neamurile evanghelizate \u015fi chemate s\u0103 fie poporul lui Isus Hristos.<\/p>\n<p>&nbsp;<\/p>\n<p><strong>Aplica\u021bii \/ considerente misiologice:<\/strong><\/p>\n<p>\u00cenceputul epistolei c\u0103tre romani ne atrage aten\u0163ia asupra con\u015ftiin\u0163ei de sine a lucr\u0103torului, asupra cunoa\u015fterii evangheliei \u015fi asupra viziunii de ansamblu asupra misiunii.<\/p>\n<p>Ca s\u0103 porne\u015fti \u00een misiune ai nevoie de con\u015ftiin\u0163a chem\u0103rii. S\u0103 \u015ftii c\u0103 e\u015fti slujitorul (robul) Domnului, c\u0103 e\u015fti chemat \u015fi c\u0103 e\u015fti sfin\u0163it (pus deoparte) ca s\u0103 veste\u015fti evanghelia. Poate suna oarecum poetic, dar o con\u015ftiin\u0163\u0103 \u00eenalt\u0103 a chem\u0103rii este de mare pre\u0163 c\u00e2nd treci prin \u00eencerc\u0103ri, c\u00e2nd trebuie s\u0103 prive\u015fti \u00eenainte cu curaj, c\u00e2nd trebuie s\u0103 adop\u0163i solu\u0163ii noi, de avangard\u0103, \u00een situa\u0163ii nea\u015fteptate, neobi\u015fnuite. De asemenea, cunoa\u015fterea esen\u0163ei evangheliei este de mare pre\u0163. Isus \u00eensu\u015fi este om, \u015fi \u00een dimensiunea sa uman\u0103 a \u015ftiut toate greut\u0103\u0163ile neamului s\u0103u, \u015fi speran\u0163ele \u015fi nevoile, \u015fi defectele \u015fi idealurile, profe\u0163iile. Dup\u0103 trup Isus este evreu din genealogia lui David. Are istorie, are neamuri, are un context dat, chiar dac\u0103 prin divinitatea sa el dep\u0103\u015fe\u015fte (transcende) orice context. \u00cen acest context a adus Hristos vestea bun\u0103. La fel, \u015fi misionarii, ei tr\u0103iesc \u00eentr-un context dat \u015fi trebuie s\u0103 \u00eel cunoasc\u0103 bine, cu problemele sale, cu nevoile, cu idealurile sale, ca s\u0103 \u015ftie cum prezint\u0103 adev\u0103rul m\u00e2ntuirii \u00eentr-un mod contextualizat.<\/p>\n<p>\u00cen al doilea r\u00e2nd, esen\u0163a evangheliei nu are de a face doar cu contextualizarea la o societate dat\u0103, ci cu transpunerea adev\u0103rului ve\u015fnic \u00een hain\u0103 cultural\u0103. Mesajul evangheliei este despre divinitatea lui Isus, care prin \u00eentrupare \u015fi m\u00e2ntuire afecteaz\u0103 natura uman\u0103, aduc\u00e2nd aici m\u0103rturia \u015fi puterea \u00eenvierii, a umanit\u0103\u0163ii pe cale de restaurare \u015fi glorificare. Misionarul aduce cea mai bun\u0103 veste, despre cel mai valoros \u015fi curat om, Dumnezeu \u00eentrupat, despre cea mai mare speran\u0163\u0103, cea a puterii \u00eenvierii care poate schimba destinul omenirii pentru eternitate.<\/p>\n<p>\u00cen final, misionarul nu poate s\u0103 nu ia \u00een considerare dimensiunea orizontal\u0103 a evangheliz\u0103rii. Misiunea sa este s\u0103 duc\u0103 evanghelia p\u00e2n\u0103 la marginea lumii, s\u0103 aduc\u0103 toate neamurile la ascultarea de Hristos. Asta implic\u0103 strategie, viziune larg\u0103, g\u00e2ndire dinamic\u0103.<\/p>\n<p>Problema transmiterii \u015ftafetei misiunii apare \u00een ultimul verset. \u00centre neamurile m\u00e2ntuite sunt \u015fi romanii, chema\u0163i s\u0103 fie ai lui Isus Hristos. Adic\u0103, aici se \u00eenchide cercul \u015fi se poate \u00eencepe iar cu primul verset: \u201eromanii, robi ai lui Hristos, chema\u0163i s\u0103 duc\u0103 evanghelia, pu\u015fi deoparte etc.\u201d.<\/p>\n<p>&nbsp;<\/p>\n<p><strong>\u00centreb\u0103ri pentru discu\u021bii:<\/strong><\/p>\n<p>1. Ai con\u015ftiin\u0163a chem\u0103rii la slujire cre\u015ftin\u0103?<\/p>\n<p>2. Ai \u00een\u0163elegerea nevoiei de a contextualiza cultural \u015fi social predicarea evangheliei?<\/p>\n<p>3. Ai \u00een\u0163elegerea divinit\u0103\u0163ii lui Isus \u015fi for\u0163a, \u00eencurajarea puterii \u00eenvierii lui Isus pentru destinul t\u0103u, pentru destinul omenirii?<\/p>\n<p>4. Ai dimensiunea planific\u0103rii pe orizontal\u0103 \u015fi \u00een timp a misiunii, pe \u00eentreaga planet\u0103? Participi la acest efort? \u00cen ce fel?<\/p>\n<p>5. E\u015fti preg\u0103tit s\u0103 predai \u015ftafeta misiunii c\u0103tre genera\u0163ia urm\u0103toare? Cum te implici \u00een aceasta privin\u0163\u0103?<br \/>\n<em>Dr. Octavian Baban, <\/em><br \/>\n<em>Pastor, Biserica Sf\u00e2nta Treime, Bucure\u0219ti<\/em><br \/>\n<em>Membru al echipei de redactare a Calendarului de Studiu 2014<\/em><\/p>\n","protected":false},"excerpt":{"rendered":"<p>Tema general\u0103 a lunii Februarie: Patru lec\u0163ii ale apostolilor Petru \u015fi Pavel despre via\u0163a de rug\u0103ciune \u015fi despre lucrul \u00een echip\u0103 Data: 16 februarie Tema: Importan\u021ba chem\u0103rii \u00een misiunea mondial\u0103 Text: Rom. 1:1-6, Fapte 22:21 Verset de aur: Fapte 22.21, 21. Atunci El mi-a zis: \u201eDu-te, c\u0103ci te voi trimite departe la Neamuri\u2026\u201d Ideea central\u0103: [&hellip;]<\/p>\n","protected":false},"author":1,"featured_media":1169,"comment_status":"open","ping_status":"open","sticky":false,"template":"","format":"standard","meta":{"wds_primary_category":16,"footnotes":""},"categories":[16],"tags":[],"class_list":["post-1348","post","type-post","status-publish","format-standard","has-post-thumbnail","hentry","category-studiu-biblic"],"_links":{"self":[{"href":"https:\/\/www.betel.ro\/en\/wp-json\/wp\/v2\/posts\/1348","targetHints":{"allow":["GET"]}}],"collection":[{"href":"https:\/\/www.betel.ro\/en\/wp-json\/wp\/v2\/posts"}],"about":[{"href":"https:\/\/www.betel.ro\/en\/wp-json\/wp\/v2\/types\/post"}],"author":[{"embeddable":true,"href":"https:\/\/www.betel.ro\/en\/wp-json\/wp\/v2\/users\/1"}],"replies":[{"embeddable":true,"href":"https:\/\/www.betel.ro\/en\/wp-json\/wp\/v2\/comments?post=1348"}],"version-history":[{"count":0,"href":"https:\/\/www.betel.ro\/en\/wp-json\/wp\/v2\/posts\/1348\/revisions"}],"wp:featuredmedia":[{"embeddable":true,"href":"https:\/\/www.betel.ro\/en\/wp-json\/"}],"wp:attachment":[{"href":"https:\/\/www.betel.ro\/en\/wp-json\/wp\/v2\/media?parent=1348"}],"wp:term":[{"taxonomy":"category","embeddable":true,"href":"https:\/\/www.betel.ro\/en\/wp-json\/wp\/v2\/categories?post=1348"},{"taxonomy":"post_tag","embeddable":true,"href":"https:\/\/www.betel.ro\/en\/wp-json\/wp\/v2\/tags?post=1348"}],"curies":[{"name":"wp","href":"https:\/\/api.w.org\/{rel}","templated":true}]}}