{"id":1567,"date":"2014-04-12T18:06:44","date_gmt":"2014-04-12T17:06:44","guid":{"rendered":"http:\/\/www.betel.ro\/?p=1567"},"modified":"2014-04-12T18:06:44","modified_gmt":"2014-04-12T17:06:44","slug":"lucrarea-misionara-este-vizibila-13-aprilie-2014","status":"publish","type":"post","link":"https:\/\/www.betel.ro\/en\/studiu-biblic\/lucrarea-misionara-este-vizibila-13-aprilie-2014\/","title":{"rendered":"Lucrarea misionar\u0103 este vizibil\u0103 &#8211; 13 Aprilie 2014"},"content":{"rendered":"<h4>Tema general\u0103 a lunii Aprilie este: Mandatul misionar al bisericii<\/h4>\n<p>Data: 13.04.2014<br \/>\nTema: <strong>Lucrarea misionar\u0103 este vizibil\u0103<\/strong><br \/>\n<strong>Text: Matei 5:13-16, 21:1-16<\/strong><br \/>\nVerset de aur: Matei 5:13-14<\/p>\n<p><em><strong>Ideea central\u0103:<\/strong><\/em><\/p>\n<p>Domnul Isus atrage aten\u021bia asupra faptului c\u0103 \u00eentre cuvintele \u0219i faptele unui credincios trebuie s\u0103 existe o coresponden\u021b\u0103. Proclamarea f\u0103r\u0103 fapte, la fel ca faptele f\u0103r\u0103 proclamare, nu aduc beneficii \u00cemp\u0103r\u0103\u021biei.<\/p>\n<p><em><strong>Explica\u0163ii contextuale \u0219i exegetice:<\/strong><\/em><\/p>\n<p>Matei 3:13-16<br \/>\nAfirma\u021bia direct\u0103 a M\u00e2ntuitorului pune pe umerii credinciosului dou\u0103 responsabilit\u0103\u021bi foarte mari \u00een ceea ce prive\u0219te rela\u021bia dintre proclamarea verbal\u0103 a Evangheliei \u0219i proclamarea prin fapte a aceluia\u0219i mesaj. Prima este expresia \u201cvoi sunte\u021bi sarea p\u0103m\u00e2ntului\u201d este un compliment ce introduce imediat un avertisment greu de trecut cu vederea: \u201cdac\u0103 sarea \u00ee\u0219i pierde gustul\u2026\u201d. Influen\u021ba pe care trebuie s\u0103 o exercite cet\u0103\u021benii \u00cemp\u0103r\u0103\u021biei are \u00een primul r\u00e2nd o dimensiune intern\u0103, mai pu\u021bin vizibil\u0103, dar foarte u\u0219or perceptibil\u0103 \u00een societate. Capacitatea de a opri degradarea, de a da gust, de a fi diferit\u0103 fa\u021b\u0103 de mediul \u00een care este, de a cur\u0103\u021ba sunt doar c\u00e2teva dintre caracteristicile evidente ale s\u0103rii. Toate aceste beneficii sunt valide at\u00e2ta timp c\u00e2t sarea r\u0103m\u00e2ne sare.<br \/>\nExpresia folosit\u0103 \u00een textul nostru a suscitat, de-a lungul timpului numeroase \u00eentreb\u0103ri legate de posibilitatea ca sarea s\u0103 \u00ee\u0219i piard\u0103 gustul. Cum se poate ca sarea s\u0103 \u00ee\u0219i piard\u0103 gustul? este \u00eentrebarea care \u00ee\u0219i cere \u00een mod justificat un r\u0103spuns. Cercet\u0103torii Noului Testament ne ofer\u0103 explica\u021bii valide cu privire la faptul c\u0103 sarea \u00ee\u0219i poate pierde gustul. Din punct de vedere chimic sarea este un produs foarte stabil. Doar c\u0103 sarea extras\u0103 \u00een vremea Domnului Isus din zona M\u0103rii Moarte nu era o sare cu un grad ridicat de puritate. De cele mai multe ori, datorit\u0103 faptului c\u0103 \u00een componen\u021ba ei intrau \u0219i alte substan\u021be, ea devenea alcalin\u0103 sau \u00ee\u0219i pierdea puterea de a s\u0103ra. Cel mai probabil despre aceast\u0103 sare vorbe\u0219te M\u00e2ntuitorul nostru. Drept urmare, ea era aruncat\u0103 sau folosit\u0103 \u00een cel mai bun caz ca \u00eengr\u0103\u0219\u0103m\u00e2nt.<br \/>\nCea de-a doua afirma\u021bie f\u0103cut\u0103 de Domnul Isus \u00een acela\u0219i context, \u0219i implicit responsabilitate, este \u201cvoi sunte\u021bi lumina lumii\u201d. Spre deosebire de sare care lucreaz\u0103 pe t\u0103cute, perseverent, lumina este evident\u0103, contrastant\u0103, vizibil\u0103 \u00een cele mai \u00eentunecate contexte. Dac\u0103 sarea \u00ee\u0219i face sim\u021bit\u0103 prezen\u021ba \u00een mod t\u0103cut, lumina este foarte vizibil\u0103, ea nu poate fi ignorat\u0103. Totodat\u0103, lumina arat\u0103 lumii \u0219i celor care se afl\u0103 \u00een apropierea ei realitatea imediat\u0103. Asocierea sare \u2013 lumin\u0103 \u00een aceast\u0103 ordine nu pare a fi \u00eent\u00e2mpl\u0103toare. Pentru a fi lumin\u0103, credinciosul trebuie s\u0103 fie mai \u00eent\u00e2i sare. Oamenii \u00eei recunosc pe copiii lui Dumnezeu, nu dup\u0103 proclamare, ci mai degrab\u0103 dup\u0103 fapte. M\u00e2ntuitorul \u00censu\u0219i spune c\u0103 vor fi oameni care, la nivel declarativ, se vor numi cre\u0219tini, \u00eens\u0103 simpla declara\u021bie a acestui fapt nu asigur\u0103 accesul \u00een \u00cemp\u0103r\u0103\u021bia Sa (Matei 7:21-23).<br \/>\nAplica\u0163ii \/ Considerente practice:<br \/>\nSarea este un produs chimic foarte stabil. Nici sarea \u0219i nici lumina nu pot fi \u00eenlocuite cu nimic. Aceast\u0103 pereche este indispensabil\u0103 pentru nevoile fizice ale umanit\u0103\u021bii. Nimic nu poate resaliniza sarea \u0219i nimic nu poate \u00eenlocui lumina. Dou\u0103 caracteristici inimitabile. Chemarea nu este s\u0103 devenim s\u0103ra\u021bi, ci s\u0103 r\u0103m\u00e2nem s\u0103ra\u021bi.<\/p>\n<p>Nu trebuie s\u0103 uit\u0103m niciodat\u0103 c\u0103 noi suntem \u201clumina lumii\u201d \u00een sens derivativ. Noi reflect\u0103m lumina. Isus Hristos este Lumina lumii (Ioan 8:12, 9:5, 12:35, 36, 46, II Corinteni 4:6, a se vedea si Ioan 1:7-9). Credincio\u0219ii nu sunt lumini prin ei \u00een\u0219i\u0219i ci prin Domnul (Efeseni 5:8).<br \/>\nLucrarea misionar\u0103 este vizibil\u0103, f\u0103cut\u0103 \u00een lumina salv\u0103rii astfel \u00eenc\u00e2t cei pierdu\u021bi s\u0103 fie g\u0103si\u021bi, cei g\u0103si\u021bi s\u0103 fie \u00eent\u0103ri\u021bi, iar Dumnezeu s\u0103 fie glorificat.<br \/>\nDe asemenea, cronologic vorbind, suntem chema\u021bi s\u0103 fim \u00eent\u00e2i sare, apoi lumini. Inversarea rolurilor nu este nici benefic\u0103 \u0219i nici de impact pentru societate.<\/p>\n<p><em><strong>\u00centreb\u0103ri pentru discu\u0163ii:<\/strong><\/em><\/p>\n<p>1. Crede\u021bi c\u0103 este important\u0103 ordinea \u00een care Domnul Isus folose\u0219te metafora s\u0103rii \u0219i a luminii?<br \/>\n2. Ce \u00eenseamn\u0103 c\u0103 suntem chema\u021bi s\u0103 fim sare, nu s\u0103 devenim sare?<br \/>\n3. Care este sursa luminii cre\u0219tine? Cine este lumina lumii?<br \/>\n4. Cine este glorificat c\u00e2nd oamenii v\u0103d faptele noastre bune?<\/p>\n<p><em>P\u0103stor Ruben Ologeanu, Biserica Cre\u0219tin\u0103 Baptist\u0103 Filadelfia, Bucure\u0219ti.<\/em><br \/>\n<em> Coordonator al echipei de redactare a Calendarului de Studiu 2014<\/em><\/p>\n","protected":false},"excerpt":{"rendered":"<p>Tema general\u0103 a lunii Aprilie este: Mandatul misionar al bisericii Data: 13.04.2014 Tema: Lucrarea misionar\u0103 este vizibil\u0103 Text: Matei 5:13-16, 21:1-16 Verset de aur: Matei 5:13-14 Ideea central\u0103: Domnul Isus atrage aten\u021bia asupra faptului c\u0103 \u00eentre cuvintele \u0219i faptele unui credincios trebuie s\u0103 existe o coresponden\u021b\u0103. Proclamarea f\u0103r\u0103 fapte, la fel ca faptele f\u0103r\u0103 proclamare, [&hellip;]<\/p>\n","protected":false},"author":1,"featured_media":1169,"comment_status":"open","ping_status":"open","sticky":false,"template":"","format":"standard","meta":{"wds_primary_category":16,"footnotes":""},"categories":[16],"tags":[],"class_list":["post-1567","post","type-post","status-publish","format-standard","has-post-thumbnail","hentry","category-studiu-biblic"],"_links":{"self":[{"href":"https:\/\/www.betel.ro\/en\/wp-json\/wp\/v2\/posts\/1567","targetHints":{"allow":["GET"]}}],"collection":[{"href":"https:\/\/www.betel.ro\/en\/wp-json\/wp\/v2\/posts"}],"about":[{"href":"https:\/\/www.betel.ro\/en\/wp-json\/wp\/v2\/types\/post"}],"author":[{"embeddable":true,"href":"https:\/\/www.betel.ro\/en\/wp-json\/wp\/v2\/users\/1"}],"replies":[{"embeddable":true,"href":"https:\/\/www.betel.ro\/en\/wp-json\/wp\/v2\/comments?post=1567"}],"version-history":[{"count":0,"href":"https:\/\/www.betel.ro\/en\/wp-json\/wp\/v2\/posts\/1567\/revisions"}],"wp:featuredmedia":[{"embeddable":true,"href":"https:\/\/www.betel.ro\/en\/wp-json\/"}],"wp:attachment":[{"href":"https:\/\/www.betel.ro\/en\/wp-json\/wp\/v2\/media?parent=1567"}],"wp:term":[{"taxonomy":"category","embeddable":true,"href":"https:\/\/www.betel.ro\/en\/wp-json\/wp\/v2\/categories?post=1567"},{"taxonomy":"post_tag","embeddable":true,"href":"https:\/\/www.betel.ro\/en\/wp-json\/wp\/v2\/tags?post=1567"}],"curies":[{"name":"wp","href":"https:\/\/api.w.org\/{rel}","templated":true}]}}