{"id":2931,"date":"2015-05-29T14:25:13","date_gmt":"2015-05-29T11:25:13","guid":{"rendered":"http:\/\/www.betel.ro\/?p=2931"},"modified":"2015-05-29T14:25:13","modified_gmt":"2015-05-29T11:25:13","slug":"klaus-iohannis-apreciez-contributia-cultului-crestin-baptist-la-dezvoltarea-societatii-romanesti","status":"publish","type":"post","link":"https:\/\/www.betel.ro\/en\/uncategorized-ro\/klaus-iohannis-apreciez-contributia-cultului-crestin-baptist-la-dezvoltarea-societatii-romanesti\/","title":{"rendered":"Klaus Iohannis: Apreciez contribu\u0163ia Cultului Cre\u015ftin Baptist la dezvoltarea societ\u0103\u0163ii rom\u00e2ne\u015fti"},"content":{"rendered":"<h3><b>Pre\u015fedintele Klaus Iohannis a transmis, vineri, un mesaj cu ocazia Congresului Cultului Cre\u015ftin Baptist, preciz\u00e2nd c\u0103 apreciaz\u0103 contribu\u0163ia acestui cult, ca \u015fi a tututor cultelor \u015fi bisericilor din Rom\u00e2nia, la dezvoltarea societ\u0103\u0163ii \u00een ansamblul ei.<\/b><\/h3>\n<p>&#8220;Cu prilejul celui de-al 36-lea Congres al Cultului Cre\u015ftin Baptist, v\u0103 transmit salutul meu cordial \u015fi v\u0103 felicit pentru organizarea acestui eveniment important pentru comunitatea dumneavoastr\u0103 \u015fi pentru \u00eentreaga Biseric\u0103 Cre\u015ftin\u0103 Baptist\u0103. Cred \u00eentr-o societate pluralist\u0103, care pune \u00een valoare diversitatea identit\u0103\u0163ilor sale culturale, etnice \u015fi religioase. Rom\u00e2nia \u00eemp\u0103rt\u0103\u015fe\u015fte principiile care fac posibil dialogul \u00eentr-o Europ\u0103 unit\u0103: libertatea con\u015ftiin\u0163ei religioase, toleran\u0163a, multiculturalismul. Evenimentele din ultima perioad\u0103, violen\u0163ele de natur\u0103 etnic\u0103 sau religioas\u0103 care tulbur\u0103 societatea global\u0103 \u00een care tr\u0103im, ne arat\u0103 c\u00e2t de importante sunt \u015fi vor continua s\u0103 fie toate aceste valori&#8221;, se arat\u0103 \u00een mesajul pre\u015fedintelui <a class=\"politician\" title=\"Detalii despre Klaus Iohannis\" href=\"http:\/\/politicieni.mediafax.ro\/politicieni\/?nume=Klaus%20Iohannis#search\" target=\"_blank\">Klaus Iohannis<\/a>.<\/p>\n<p>&#8220;Cultul Cre\u015ftin Baptist are o prezen\u0163\u0103 activ\u0103 \u00een \u0163ara noastr\u0103 \u015fi apreciez contribu\u0163ia dumneavoastr\u0103, ca \u015fi a tuturor Cultelor \u015fi Bisericilor recunoscute \u00een Rom\u00e2nia, la dezvoltarea societ\u0103\u0163ii \u00een ansamblul ei. V\u0103 doresc mult succes \u00een desf\u0103\u015furarea Congresului \u015fi sper ca ecourile lucr\u0103rilor pe care le g\u0103zdui\u0163i la Oradea s\u0103 aib\u0103 reverbera\u0163ii rodnice pentru \u00eentreaga dumneavoastr\u0103 comunitate&#8221;, a mai transmis \u015feful statului.<\/p>\n<blockquote class=\"wp-embedded-content\" data-secret=\"PnngSdQrwl\"><p><a href=\"https:\/\/www.mediafax.ro\/politic\/klaus-iohannis-apreciez-contributia-cultului-crestin-baptist-la-dezvoltarea-societatii-romanesti-14358922\">Klaus Iohannis: Apreciez contribu\u0163ia Cultului Cre\u015ftin Baptist la dezvoltarea societ\u0103\u0163ii rom\u00e2ne\u015fti<\/a><\/p><\/blockquote>\n<p><iframe loading=\"lazy\" class=\"wp-embedded-content\" sandbox=\"allow-scripts\" security=\"restricted\" style=\"position: absolute; visibility: hidden;\" title=\"&#8222;Klaus Iohannis: Apreciez contribu\u0163ia Cultului Cre\u015ftin Baptist la dezvoltarea societ\u0103\u0163ii rom\u00e2ne\u015fti&#8221; &#8211; Mediafax\" src=\"https:\/\/www.mediafax.ro\/politic\/klaus-iohannis-apreciez-contributia-cultului-crestin-baptist-la-dezvoltarea-societatii-romanesti-14358922\/embed#?secret=06EFPGRtVI#?secret=PnngSdQrwl\" data-secret=\"PnngSdQrwl\" width=\"600\" height=\"338\" frameborder=\"0\" marginwidth=\"0\" marginheight=\"0\" scrolling=\"no\"><\/iframe><\/p>\n<p>&nbsp;<\/p>\n","protected":false},"excerpt":{"rendered":"<p>Pre\u015fedintele Klaus Iohannis a transmis, vineri, un mesaj cu ocazia Congresului Cultului Cre\u015ftin Baptist, preciz\u00e2nd c\u0103 apreciaz\u0103 contribu\u0163ia acestui cult, ca \u015fi a tututor cultelor \u015fi bisericilor din Rom\u00e2nia, la dezvoltarea societ\u0103\u0163ii \u00een ansamblul ei. &#8220;Cu prilejul celui de-al 36-lea Congres al Cultului Cre\u015ftin Baptist, v\u0103 transmit salutul meu cordial \u015fi v\u0103 felicit pentru organizarea [&hellip;]<\/p>\n","protected":false},"author":1,"featured_media":0,"comment_status":"closed","ping_status":"open","sticky":false,"template":"","format":"standard","meta":{"wds_primary_category":1,"footnotes":""},"categories":[17],"tags":[],"class_list":["post-2931","post","type-post","status-publish","format-standard","hentry","category-uncategorized-ro"],"_links":{"self":[{"href":"https:\/\/www.betel.ro\/en\/wp-json\/wp\/v2\/posts\/2931","targetHints":{"allow":["GET"]}}],"collection":[{"href":"https:\/\/www.betel.ro\/en\/wp-json\/wp\/v2\/posts"}],"about":[{"href":"https:\/\/www.betel.ro\/en\/wp-json\/wp\/v2\/types\/post"}],"author":[{"embeddable":true,"href":"https:\/\/www.betel.ro\/en\/wp-json\/wp\/v2\/users\/1"}],"replies":[{"embeddable":true,"href":"https:\/\/www.betel.ro\/en\/wp-json\/wp\/v2\/comments?post=2931"}],"version-history":[{"count":0,"href":"https:\/\/www.betel.ro\/en\/wp-json\/wp\/v2\/posts\/2931\/revisions"}],"wp:attachment":[{"href":"https:\/\/www.betel.ro\/en\/wp-json\/wp\/v2\/media?parent=2931"}],"wp:term":[{"taxonomy":"category","embeddable":true,"href":"https:\/\/www.betel.ro\/en\/wp-json\/wp\/v2\/categories?post=2931"},{"taxonomy":"post_tag","embeddable":true,"href":"https:\/\/www.betel.ro\/en\/wp-json\/wp\/v2\/tags?post=2931"}],"curies":[{"name":"wp","href":"https:\/\/api.w.org\/{rel}","templated":true}]}}