{"id":455,"date":"2013-12-01T23:17:27","date_gmt":"2013-12-01T23:17:27","guid":{"rendered":"http:\/\/betel.infoo.tv\/?p=455"},"modified":"2026-02-10T14:54:16","modified_gmt":"2026-02-10T12:54:16","slug":"buletin-1-decembrie-2013","status":"publish","type":"post","link":"https:\/\/www.betel.ro\/en\/buletine-duminicale\/buletin-1-decembrie-2013\/","title":{"rendered":"Buletin 1 Decembrie 2013"},"content":{"rendered":"<p><a href=\"http:\/\/betel.ro\/buletine\/2013\/2013.12.01.pdf\">http:\/\/betel.ro\/buletine\/2013\/2013.12.01.pdf<\/a><\/p>\n<p>Rug\u0103ciune pentru Rom\u00e2nia. Pentru cercetare spre m\u00e2ntuire a tuturor rom\u00e2nilor. Pentru cei din conducere &#8212; s\u0103 conduc\u0103 cu dreptate, \u00een\u021belepciune \u0219i bun\u0103tate. Pentru cei marginaliza\u021bi \u0219i \u00een suferin\u021b\u0103 (bolnavi, s\u0103raci, singuri, nedrept\u0103\u021bi\u021bi, batjocori\u021bi). Pentru rom\u00e2nii de peste hotare &#8212; s\u0103-L caute pe Dumnezeu \u0219i s\u0103 se bucure de ocrotirea Lui. Pentru rela\u021bii bune cu toate cel\u0103lalte \u021b\u0103ri \u0219i popoare. Pentru to\u021bi cei care se consider\u0103 cre\u0219tini (ortodoc\u0219i, catolici, neoprotestan\u021bi) &#8212; s\u0103 fie credincio\u0219i adev\u0103ra\u021bi.<\/p>\n","protected":false},"excerpt":{"rendered":"<p>http:\/\/betel.ro\/buletine\/2013\/2013.12.01.pdf Rug\u0103ciune pentru Rom\u00e2nia. Pentru cercetare spre m\u00e2ntuire a tuturor rom\u00e2nilor. Pentru cei din conducere &#8212; s\u0103 conduc\u0103 cu dreptate, \u00een\u021belepciune \u0219i bun\u0103tate. Pentru cei marginaliza\u021bi \u0219i \u00een suferin\u021b\u0103 (bolnavi, s\u0103raci, singuri, nedrept\u0103\u021bi\u021bi, batjocori\u021bi). Pentru rom\u00e2nii de peste hotare &#8212; s\u0103-L caute pe Dumnezeu \u0219i s\u0103 se bucure de ocrotirea Lui. Pentru rela\u021bii bune cu [&hellip;]<\/p>\n","protected":false},"author":1,"featured_media":596,"comment_status":"open","ping_status":"open","sticky":false,"template":"","format":"standard","meta":{"wds_primary_category":12,"footnotes":""},"categories":[12],"tags":[],"class_list":["post-455","post","type-post","status-publish","format-standard","has-post-thumbnail","hentry","category-buletine-duminicale"],"_links":{"self":[{"href":"https:\/\/www.betel.ro\/en\/wp-json\/wp\/v2\/posts\/455","targetHints":{"allow":["GET"]}}],"collection":[{"href":"https:\/\/www.betel.ro\/en\/wp-json\/wp\/v2\/posts"}],"about":[{"href":"https:\/\/www.betel.ro\/en\/wp-json\/wp\/v2\/types\/post"}],"author":[{"embeddable":true,"href":"https:\/\/www.betel.ro\/en\/wp-json\/wp\/v2\/users\/1"}],"replies":[{"embeddable":true,"href":"https:\/\/www.betel.ro\/en\/wp-json\/wp\/v2\/comments?post=455"}],"version-history":[{"count":0,"href":"https:\/\/www.betel.ro\/en\/wp-json\/wp\/v2\/posts\/455\/revisions"}],"wp:featuredmedia":[{"embeddable":true,"href":"https:\/\/www.betel.ro\/en\/wp-json\/"}],"wp:attachment":[{"href":"https:\/\/www.betel.ro\/en\/wp-json\/wp\/v2\/media?parent=455"}],"wp:term":[{"taxonomy":"category","embeddable":true,"href":"https:\/\/www.betel.ro\/en\/wp-json\/wp\/v2\/categories?post=455"},{"taxonomy":"post_tag","embeddable":true,"href":"https:\/\/www.betel.ro\/en\/wp-json\/wp\/v2\/tags?post=455"}],"curies":[{"name":"wp","href":"https:\/\/api.w.org\/{rel}","templated":true}]}}