{"id":5269,"date":"2016-04-30T22:28:41","date_gmt":"2016-04-30T19:28:41","guid":{"rendered":"http:\/\/www.betel.ro\/?p=5269"},"modified":"2016-04-30T22:32:29","modified_gmt":"2016-04-30T19:32:29","slug":"mesajul-pastorului-petru-bulica-cu-ocazia-sarbatorii-invierii-domnului","status":"publish","type":"post","link":"https:\/\/www.betel.ro\/en\/uncategorized-ro\/mesajul-pastorului-petru-bulica-cu-ocazia-sarbatorii-invierii-domnului\/","title":{"rendered":"Mesajul pastorului Petru BULICA, cu ocazia sarbatorii invierii Domnului"},"content":{"rendered":"<p><strong>Iubi\u0163i fra\u0163i, surori \u015fi prieteni ai Bisericii BETEL,<\/strong><\/p>\n<p>Hristos a \u00eenviat! Evangheliile \u0219i celelalte scrieri ale Noului Testament atest\u0103 faptul ca \u00eenvierea din mor\u021bi a Domnului nostru Isus Hristos a avut un impact uria\u0219 asupra credincio\u0219ilor din primul secol. \u00centrebarea care se pune este, dac\u0103 mai are \u00cenvierea vreo relevan\u021b\u0103 ast\u0103zi, \u00een secolul al XXI-lea?<\/p>\n<p><span class=\"text_exposed_show\">O nevoie esen\u021bial\u0103 a omului este aceea de a fi eliberat din capcana vinov\u0103\u021biei datorate trecutului p\u0103c\u0103tos. Cu to\u021bii avem nevoie de iertare. Vinov\u0103\u021bia netratat\u0103 nu are doar consecin\u021be spirituale, ve\u0219nice, ci este str\u00e2ns legat\u0103 \u0219i de calitatea vie\u021bii noastre \u00een prezent. Moartea Domnului Isus pe cruce \u00een locul p\u0103c\u0103tosului vinovat, are capacitatea de a rezolva \u00een mod obiectiv, o dat\u0103 pentru totdeauna, nevoia omului de iertare. \u00cenvierea este aceea care valideaz\u0103 ceea ce a realizat Hristos, prin moartea Sa. \u00cenvierea ne d\u0103 siguran\u021ba c\u0103, prin credin\u021ba \u00een Hristos, p\u0103catele ne sunt iertate. F\u0103r\u0103 aceast\u0103 siguran\u021b\u0103, nimeni nu poate tr\u0103i o via\u021b\u0103 plenar\u0103 \u00een prezent \u0219i nu poate avea speran\u021b\u0103 pentru viitor. <\/span><\/p>\n<p><span class=\"text_exposed_show\">Apoi, puterea lui Dumnezeu care L-a \u00eenviat pe Hristos din mor\u021bi este la lucru \u0219i \u00een prezent. \u00cenainte de \u00cenviere, ucenicii erau tri\u0219ti, demoraliza\u021bi \u0219i frico\u0219i. Dup\u0103 \u00cenviere, aceia\u0219i ucenici sunt plini de curaj, gata s\u0103 \u00eenfrunte toate primejdiile pentru a-L m\u0103rturisi pe Domnul lor. Esti cumva epuizat fizic sau emo\u021bional, te confrun\u021bi cu durere, boal\u0103, confuzie, anxietate \u00een ceea ce prive\u0219te viitorul? Puterea \u00cenvierii care a transformat ucenicii din la\u0219i \u00een martiri, este ast\u0103zi la dispozi\u021bia ta (Efeseni 1:19-20). \u00censu\u0219este-\u021bi-o prin credin\u021b\u0103!<\/span><\/p>\n<p><span class=\"text_exposed_show\">Tr\u0103im cu to\u021bii \u00eentr-o lume caracterizat\u0103 de instabilitate, f\u0103r\u0103 siguran\u021ba zilei de m\u00e2ine. \u00centr-un asemenea context, \u00cenvierea ne d\u0103 garan\u021bia unui viitor sigur \u00eempreun\u0103 cu Hristosul \u00eenviat. Aceea\u0219i putere care L-a \u00eenviat pe Hristos din mor\u021bi, ne va \u00eenvia \u0219i pe noi pentru a tr\u0103i \u00eempreun\u0103 cu El, victorio\u0219i \u0219i elibera\u021bi de limit\u0103rile \u0219i frustr\u0103rile cu care suntem confrunta\u021bi \u00een prezent, dac\u0103 persever\u0103m \u00een ascultare \u0219i dependen\u021b\u0103 de El, p\u00e2n\u0103 la cap\u0103tul alerg\u0103rii noastre. Fie ca Domnul s\u0103 ne ajute pe to\u021bi la aceasta!<\/span><\/p>\n<div class=\"text_exposed_show\">\n<p><strong>Pastor Petru BULICA<\/strong><\/p>\n<\/div>\n","protected":false},"excerpt":{"rendered":"<p>Iubi\u0163i fra\u0163i, surori \u015fi prieteni ai Bisericii BETEL, Hristos a \u00eenviat! Evangheliile \u0219i celelalte scrieri ale Noului Testament atest\u0103 faptul ca \u00eenvierea din mor\u021bi a Domnului nostru Isus Hristos a avut un impact uria\u0219 asupra credincio\u0219ilor din primul secol. \u00centrebarea care se pune este, dac\u0103 mai are \u00cenvierea vreo relevan\u021b\u0103 ast\u0103zi, \u00een secolul al XXI-lea? [&hellip;]<\/p>\n","protected":false},"author":1,"featured_media":5271,"comment_status":"closed","ping_status":"open","sticky":false,"template":"","format":"standard","meta":{"wds_primary_category":17,"footnotes":""},"categories":[20,17],"tags":[],"class_list":["post-5269","post","type-post","status-publish","format-standard","has-post-thumbnail","hentry","category-petrica-bulica","category-uncategorized-ro"],"_links":{"self":[{"href":"https:\/\/www.betel.ro\/en\/wp-json\/wp\/v2\/posts\/5269","targetHints":{"allow":["GET"]}}],"collection":[{"href":"https:\/\/www.betel.ro\/en\/wp-json\/wp\/v2\/posts"}],"about":[{"href":"https:\/\/www.betel.ro\/en\/wp-json\/wp\/v2\/types\/post"}],"author":[{"embeddable":true,"href":"https:\/\/www.betel.ro\/en\/wp-json\/wp\/v2\/users\/1"}],"replies":[{"embeddable":true,"href":"https:\/\/www.betel.ro\/en\/wp-json\/wp\/v2\/comments?post=5269"}],"version-history":[{"count":0,"href":"https:\/\/www.betel.ro\/en\/wp-json\/wp\/v2\/posts\/5269\/revisions"}],"wp:featuredmedia":[{"embeddable":true,"href":"https:\/\/www.betel.ro\/en\/wp-json\/wp\/v2\/media\/5271"}],"wp:attachment":[{"href":"https:\/\/www.betel.ro\/en\/wp-json\/wp\/v2\/media?parent=5269"}],"wp:term":[{"taxonomy":"category","embeddable":true,"href":"https:\/\/www.betel.ro\/en\/wp-json\/wp\/v2\/categories?post=5269"},{"taxonomy":"post_tag","embeddable":true,"href":"https:\/\/www.betel.ro\/en\/wp-json\/wp\/v2\/tags?post=5269"}],"curies":[{"name":"wp","href":"https:\/\/api.w.org\/{rel}","templated":true}]}}